{"clusters": [{"tag": "frettir.innlent", "description": "Innlent", "url": "https://www.helst.is/um/frettir.innlent", "groups": [{"themes": ["K\u00f3pavogur", "J\u00f3nas M\u00e1r", "Sj\u00e1lfst\u00e6\u00f0isflokkur"], "articles": [{"url": "https://www.visir.is/g/20262874531d/framikalli-svarad-med-poti-i-oddvitarimmu", "original_url": "https://www.visir.is/g/20262874531d/framikalli-svarad-med-poti-i-oddvitarimmu", "title": "Fram\u00edkalli svara\u00f0 me\u00f0 poti \u00ed oddvitarimmu", "added": "2026-04-26T22:45:00+00:00", "id": "7JUB1Slt", "best_tag": "frettir.innlent", "provider_id": "vsr", "provider_url": "https://www.visir.is/"}, {"url": "https://www.visir.is/g/20262874346d/-hann-gripur-alltaf-fram-i-oddvitar-bednir-um-ad-syna-hvor-odrum-kurteisi", "original_url": "https://www.visir.is/g/20262874346d/-hann-gripur-alltaf-fram-i-oddvitar-bednir-um-ad-syna-hvor-odrum-kurteisi", "title": "\u201eHann gr\u00edpur alltaf fram \u00ed\u201c: Oddvitar be\u00f0nir um a\u00f0 s\u00fdna hvor \u00f6\u00f0rum kurteisi", "added": "2026-04-26T14:20:00+00:00", "id": "Ysfaka96", "best_tag": "frettir.innlent", "provider_id": "vsr", "provider_url": "https://www.visir.is/"}]}, {"themes": ["Mi\u00f0flokkur", "K\u00f3pavogur", "r\u00e1\u00f0herra"], "articles": [{"url": "https://www.mbl.is/frettir/innlent/2026/04/26/eins_og_radherra_se_ad_vara_vid_barneignum/", "original_url": "https://www.mbl.is/frettir/innlent/2026/04/26/eins_og_radherra_se_ad_vara_vid_barneignum/", "title": "Eins og r\u00e1\u00f0herra s\u00e9 a\u00f0 vara vi\u00f0 barneignum", "added": "2026-04-26T22:20:00+00:00", "id": "LSMB74Pm", "best_tag": "frettir.innlent", "provider_id": "mbl", "provider_url": "https://www.mbl.is/"}, {"url": "https://www.visir.is/g/20262874487d/skritid-ad-domsmalaradherra-blandi-ser-i-umraeduna", "original_url": "https://www.visir.is/g/20262874487d/skritid-ad-domsmalaradherra-blandi-ser-i-umraeduna", "title": "Skr\u00edti\u00f0 a\u00f0 d\u00f3msm\u00e1lar\u00e1\u00f0herra blandi s\u00e9r \u00ed umr\u00e6\u00f0una", "added": "2026-04-26T19:20:00+00:00", "id": "Uz5UFYtF", "best_tag": "frettir.innlent", "provider_id": "vsr", "provider_url": "https://www.visir.is/"}]}, {"themes": ["\u00cdsland", "\u00d3lafur Ragnar Gr\u00edmsson", "Atlantshaf"], "articles": [{"url": "https://www.visir.is/g/20262874524d/furdar-sig-a-thogn-yfir-einu-helsta-ahyggjuefni-islands-", "original_url": "https://www.visir.is/g/20262874524d/furdar-sig-a-thogn-yfir-einu-helsta-ahyggjuefni-islands-", "title": "Fur\u00f0ar sig \u00e1 \u00fe\u00f6gn yfir \u201eeinu helsta \u00e1hyggjuefni \u00cdslands\u201c", "added": "2026-04-26T22:00:00+00:00", "id": "APSe9ypL", "best_tag": "frettir.innlent", "provider_id": "vsr", "provider_url": "https://www.visir.is/"}, {"url": "https://www.mbl.is/frettir/innlent/2026/04/26/furdar_sig_a_thvi_ad_islendingar_seu_ekki_ahyggjufy/", "original_url": "https://www.mbl.is/frettir/innlent/2026/04/26/furdar_sig_a_thvi_ad_islendingar_seu_ekki_ahyggjufy/", "title": "Fur\u00f0ar sig \u00e1 \u00fev\u00ed a\u00f0 \u00cdslendingar s\u00e9u ekki \u00e1hyggjufyllri", "added": "2026-04-26T20:00:00+00:00", "id": "qSGbDGOF", "best_tag": "frettir.innlent", "provider_id": "mbl", "provider_url": "https://www.mbl.is/"}]}, {"themes": ["\u00cdsland", "Evr\u00f3pusamband", "regluverk"], "articles": [{"url": "https://www.mbl.is/frettir/innlent/2026/04/26/stora_malid_hvar_valdid_liggi_til_framtidar/", "original_url": "https://www.mbl.is/frettir/innlent/2026/04/26/stora_malid_hvar_valdid_liggi_til_framtidar/", "title": "St\u00f3ra m\u00e1li\u00f0 hvar valdi\u00f0 liggi til framt\u00ed\u00f0ar", "added": "2026-04-26T23:00:00+00:00", "id": "r8-Cv83-", "best_tag": "frettir.innlent", "provider_id": "mbl", "provider_url": "https://www.mbl.is/"}]}, {"themes": ["Landhelgisg\u00e6slan", "Su\u00f0urland", "J\u00f3n \u00de\u00f3r V\u00edglundsson"], "articles": [{"url": "https://www.ruv.is/frettir/innlent/2026-04-26-madurinn-fundinn-fluttur-med-thyrlu-landhelgisgaeslunnar-473707", "original_url": "https://www.ruv.is/frettir/innlent/2026-04-26-madurinn-fundinn-fluttur-med-thyrlu-landhelgisgaeslunnar-473707", "title": "Ma\u00f0urinn fundinn: Fluttur me\u00f0 \u00feyrlu Landhelgisg\u00e6slunnar", "added": "2026-04-26T20:40:00+00:00", "id": "FKICXPQ-", "best_tag": "frettir.innlent", "provider_id": "ruv", "provider_url": "https://www.ruv.is/"}, {"url": "https://www.ruv.is/frettir/innlent/2026-04-26-madurinn-sem-fannst-vid-haafoss-er-latinn-473710", "original_url": "https://www.ruv.is/frettir/innlent/2026-04-26-madurinn-sem-fannst-vid-haafoss-er-latinn-473710", "title": "Ma\u00f0urinn sem fannst vi\u00f0 H\u00e1afoss er l\u00e1tinn", "added": "2026-04-26T20:30:00+00:00", "id": "QJCl2r7T", "best_tag": "frettir.innlent", "provider_id": "ruv", "provider_url": "https://www.ruv.is/"}, {"url": "https://www.mbl.is/frettir/innlent/2026/04/26/madurinn_fannst_latinn_vid_haafoss/", "original_url": "https://www.mbl.is/frettir/innlent/2026/04/26/madurinn_fannst_latinn_vid_haafoss/", "title": "Ma\u00f0urinn fannst l\u00e1tinn vi\u00f0 H\u00e1afoss", "added": "2026-04-26T20:20:00+00:00", "id": "S0BHb_Yj", "best_tag": "frettir.innlent", "provider_id": "mbl", "provider_url": "https://www.mbl.is/"}], "more_similar": "https://www.helst.is/svipad?s=jdOtOllE&dagur=27.04.2026&og=Su%C3%B0urland%3BH%C3%A1ifoss%3B%C3%9Ej%C3%B3rs%C3%A1rdalur&fra=FKICXPQ-"}, {"themes": ["Hafnarfj\u00f6r\u00f0ur", "S\u00f6rli", "hestas\u00fdning"], "articles": [{"url": "https://www.mbl.is/frettir/innlent/2026/04/26/ungir_knapar_a_hestasyningu_i_hafnarfirdi/", "original_url": "https://www.mbl.is/frettir/innlent/2026/04/26/ungir_knapar_a_hestasyningu_i_hafnarfirdi/", "title": "Ungir knapar \u00e1 hestas\u00fdningu \u00ed Hafnarfir\u00f0i", "added": "2026-04-26T21:50:00+00:00", "id": "5cbI1eMt", "best_tag": "frettir.innlent", "provider_id": "mbl", "provider_url": "https://www.mbl.is/"}]}, {"themes": ["Gr\u00f3tta", "Seltjarnarnes", "ranns\u00f3knarstofa"], "articles": [{"url": "https://www.mbl.is/frettir/innlent/2026/04/26/grottu_breytt_i_lifandi_rannsoknarstofu/", "original_url": "https://www.mbl.is/frettir/innlent/2026/04/26/grottu_breytt_i_lifandi_rannsoknarstofu/", "title": "Gr\u00f3ttu breytt \u00ed lifandi ranns\u00f3knarstofu", "added": "2026-04-26T21:30:00+00:00", "id": "fMfV4-1X", "best_tag": "frettir.innlent", "provider_id": "mbl", "provider_url": "https://www.mbl.is/"}]}, {"themes": ["H\u00e1ifoss", "gil", "finna"], "articles": [{"url": "https://www.visir.is/g/20262874500d/madurinn-fannst-latinn-i-gilinu", "original_url": "https://www.visir.is/g/20262874500d/madurinn-fannst-latinn-i-gilinu", "title": "Ma\u00f0urinn fannst l\u00e1tinn \u00ed gilinu", "added": "2026-04-26T20:20:00+00:00", "id": "IxpKMJbn", "best_tag": "frettir.innlent", "provider_id": "vsr", "provider_url": "https://www.visir.is/"}, {"url": "https://www.visir.is/g/20262874491d/sast-til-einstaklings-ofan-i-gili-vid-haafoss", "original_url": "https://www.visir.is/g/20262874491d/sast-til-einstaklings-ofan-i-gili-vid-haafoss", "title": "S\u00e1st til einstaklings ofan \u00ed gili vi\u00f0 H\u00e1afoss", "added": "2026-04-26T19:30:00+00:00", "id": "jqYUb7LT", "best_tag": "frettir.innlent", "provider_id": "vsr", "provider_url": "https://www.visir.is/"}]}, {"themes": ["Su\u00f0urnes", "Frams\u00f3kn", "sk\u00f3li"], "articles": [{"url": "https://www.visir.is/g/20262874353d/kronu-kastad-fyrir-aurinn-i-fjarmognun-skola", "original_url": "https://www.visir.is/g/20262874353d/kronu-kastad-fyrir-aurinn-i-fjarmognun-skola", "title": "Kr\u00f3nu kasta\u00f0 fyrir aurinn \u00ed fj\u00e1rm\u00f6gnun sk\u00f3la", "added": "2026-04-26T21:20:00+00:00", "id": "11rDBINV", "best_tag": "frettir.innlent", "provider_id": "vsr", "provider_url": "https://www.visir.is/"}]}]}, {"tag": "frettir.erlent", "description": "Erlent", "url": "https://www.helst.is/um/frettir.erlent", "groups": [{"themes": ["Bandar\u00edki", "\u00cdri", "\u00cdran"], "articles": [{"url": "https://www.ruv.is/frettir/erlent/2026-04-27-araghchi-fundar-med-putin-i-dag-473715", "original_url": "https://www.ruv.is/frettir/erlent/2026-04-27-araghchi-fundar-med-putin-i-dag-473715", "title": "Araghchi fundar me\u00f0 P\u00fat\u00edn", "added": "2026-04-27T00:25:00+00:00", "id": "BV5X4O0b", "best_tag": "frettir.erlent", "provider_id": "ruv", "provider_url": "https://www.ruv.is/"}, {"url": "https://www.visir.is/g/20262874373d/talinn-aetla-ad-radast-a-trump-og-fleiri-hattsetta", "original_url": "https://www.visir.is/g/20262874373d/talinn-aetla-ad-radast-a-trump-og-fleiri-hattsetta", "title": "Talinn \u00e6tla a\u00f0 r\u00e1\u00f0ast \u00e1 Trump og fleiri h\u00e1ttsetta", "added": "2026-04-26T14:10:00+00:00", "id": "-KPeJLxv", "best_tag": "frettir.erlent", "provider_id": "vsr", "provider_url": "https://www.visir.is/"}]}, {"themes": ["Bandar\u00edkjaforseti", "fj\u00f6lskylda", "skotmark"], "articles": [{"url": "https://www.visir.is/g/20262874535d/bad-fjolskylduna-afsokunar-med-brefi", "original_url": "https://www.visir.is/g/20262874535d/bad-fjolskylduna-afsokunar-med-brefi", "title": "Sendi fj\u00f6lskyldunni lista af skotm\u00f6rkum \u00ed forgangsr\u00f6\u00f0", "added": "2026-04-26T23:45:00+00:00", "id": "XoaEkIeD", "best_tag": "frettir.erlent", "provider_id": "vsr", "provider_url": "https://www.visir.is/"}]}, {"themes": ["Bandar\u00edkjaforseti", "Barack Obama", "Donald Trump"], "articles": [{"url": "https://www.mbl.is/frettir/erlent/2026/04/26/obama_fordaemir_arasina/", "original_url": "https://www.mbl.is/frettir/erlent/2026/04/26/obama_fordaemir_arasina/", "title": "Obama ford\u00e6mir \u00e1r\u00e1sina", "added": "2026-04-26T22:10:00+00:00", "id": "ki3yl-JG", "best_tag": "frettir.erlent", "provider_id": "mbl", "provider_url": "https://www.mbl.is/"}, {"url": "https://www.mbl.is/frettir/erlent/2026/04/26/trump_ljost_ad_hann_hatar_kristid_folk/", "original_url": "https://www.mbl.is/frettir/erlent/2026/04/26/trump_ljost_ad_hann_hatar_kristid_folk/", "title": "Trump: \u201eLj\u00f3st a\u00f0 hann hatar kristi\u00f0 f\u00f3lk\u201c", "added": "2026-04-26T16:10:00+00:00", "id": "lTKQVt7H", "best_tag": "frettir.erlent", "provider_id": "mbl", "provider_url": "https://www.mbl.is/"}]}, {"themes": ["Nick Shirley", "Bandar\u00edki", "svikahrappur"], "articles": [{"url": "https://www.mbl.is/frettir/erlent/2026/04/26/nick_shirley_og_svikahrapparnir/", "original_url": "https://www.mbl.is/frettir/erlent/2026/04/26/nick_shirley_og_svikahrapparnir/", "title": "Nick Shirley og svikahrapparnir", "added": "2026-04-26T23:00:00+00:00", "id": "wYCjQLrZ", "best_tag": "frettir.erlent", "provider_id": "mbl", "provider_url": "https://www.mbl.is/"}]}, {"themes": ["Japan", "klukkan h\u00e1lft\u00edu", "klukkan h\u00e1lfsex"], "articles": [{"url": "https://www.mbl.is/frettir/erlent/2026/04/26/kroftugur_jardskjalfti_i_japan/", "original_url": "https://www.mbl.is/frettir/erlent/2026/04/26/kroftugur_jardskjalfti_i_japan/", "title": "Kr\u00f6ftugur jar\u00f0skj\u00e1lfti \u00ed Japan", "added": "2026-04-26T22:50:00+00:00", "id": "OIPVH3Ab", "best_tag": "frettir.erlent", "provider_id": "mbl", "provider_url": "https://www.mbl.is/"}]}, {"themes": ["Japan", "EPA", "JIJI PRESS"], "articles": [{"url": "https://www.ruv.is/frettir/erlent/2026-04-26-jardskjalfti-a-hokkaido-eyju-473714", "original_url": "https://www.ruv.is/frettir/erlent/2026-04-26-jardskjalfti-a-hokkaido-eyju-473714", "title": "Jar\u00f0skj\u00e1lfti \u00e1 Hokkaido-eyju", "added": "2026-04-26T22:40:00+00:00", "id": "DlLNZyK9", "best_tag": "frettir.erlent", "provider_id": "ruv", "provider_url": "https://www.ruv.is/"}]}, {"themes": ["Chernobyl", "Efrem Lukatsky", "The Associated Press"], "articles": [{"url": "https://www.ruv.is/frettir/erlent/2026-04-26-chernobyl-var-risastor-rikisstyrkt-lygi-473708", "original_url": "https://www.ruv.is/frettir/erlent/2026-04-26-chernobyl-var-risastor-rikisstyrkt-lygi-473708", "title": "\u201eChernobyl var risast\u00f3r r\u00edkisstyrkt lygi\u201c", "added": "2026-04-26T21:30:00+00:00", "id": "qJkTD3HT", "best_tag": "frettir.erlent", "provider_id": "ruv", "provider_url": "https://www.ruv.is/"}]}, {"themes": ["Washington", "\u00f3tti", "myndskei\u00f0"], "articles": [{"url": "https://www.mbl.is/frettir/erlent/2026/04/26/myndskeid_otti_og_ringulreid_i_washington/", "original_url": "https://www.mbl.is/frettir/erlent/2026/04/26/myndskeid_otti_og_ringulreid_i_washington/", "title": "Myndskei\u00f0: \u00d3tti og ringulrei\u00f0 \u00ed Washington", "added": "2026-04-26T20:00:00+00:00", "id": "npxt98k7", "best_tag": "frettir.erlent", "provider_id": "mbl", "provider_url": "https://www.mbl.is/"}]}, {"themes": ["Bandar\u00edki", "Karl Bretakonungs", "Kamilla"], "articles": [{"url": "https://www.mbl.is/frettir/erlent/2026/04/26/karl_heimsaekir_bandarikin_thratt_fyrir_aras/", "original_url": "https://www.mbl.is/frettir/erlent/2026/04/26/karl_heimsaekir_bandarikin_thratt_fyrir_aras/", "title": "Karl heims\u00e6kir Bandar\u00edkin \u00fer\u00e1tt fyrir \u00e1r\u00e1s", "added": "2026-04-26T18:30:00+00:00", "id": "RsMx0i2y", "best_tag": "frettir.erlent", "provider_id": "mbl", "provider_url": "https://www.mbl.is/"}, {"url": "https://www.ruv.is/frettir/erlent/2026-04-26-arasarmadurinn-vildi-skjota-embaettismenn-i-bandarikjastjorn-473688", "original_url": "https://www.ruv.is/frettir/erlent/2026-04-26-arasarmadurinn-vildi-skjota-embaettismenn-i-bandarikjastjorn-473688", "title": "\u00c1r\u00e1sarma\u00f0urinn vildi skj\u00f3ta emb\u00e6ttismenn \u00ed Bandar\u00edkjastj\u00f3rn", "added": "2026-04-26T13:55:00+00:00", "id": "SLlDhCTB", "best_tag": "frettir.erlent", "provider_id": "ruv", "provider_url": "https://www.ruv.is/"}]}]}, {"tag": "frettir", "description": "\u00ddmsar fr\u00e9ttir", "url": "https://www.helst.is/um/frettir", "groups": [{"themes": ["Ingibj\u00f6rg Erla", "Gu\u00f0mundur Fl\u00f3ki Sigurj\u00f3nsson", "R\u00daV"], "articles": [{"url": "https://www.ruv.is/frettir/ithrottir/2026-04-26-ingibjorg-og-gudmundur-floki-toku-brons-473713", "original_url": "https://www.ruv.is/frettir/ithrottir/2026-04-26-ingibjorg-og-gudmundur-floki-toku-brons-473713", "title": "Ingibj\u00f6rg og Gu\u00f0mundur Fl\u00f3ki t\u00f3ku brons", "added": "2026-04-26T21:40:00+00:00", "id": "cZFtKvOG", "best_tag": "frettir", "provider_id": "ruv", "provider_url": "https://www.ruv.is/"}]}, {"themes": ["Valur", "Grindav\u00edk", "Valsma\u00f0ur"], "articles": [{"url": "https://www.ruv.is/frettir/ithrottir/2026-04-26-valsmenn-jafna-einvigid-vid-grindavik-473712", "original_url": "https://www.ruv.is/frettir/ithrottir/2026-04-26-valsmenn-jafna-einvigid-vid-grindavik-473712", "title": "Valsmenn jafna einv\u00edgi\u00f0 vi\u00f0 Grindav\u00edk", "added": "2026-04-26T21:20:00+00:00", "id": "9SMe2lub", "best_tag": "frettir", "provider_id": "ruv", "provider_url": "https://www.ruv.is/"}]}, {"themes": ["Magn\u00fas Gu\u00f0mundsson", "Mosfellsb\u00e6r", "11. apr\u00edl"], "articles": [{"url": "https://www.ruv.is/frettir/innlent/2026-04-26-svartthrastamodir-sinnir-ungvidinu-i-beinni-473704", "original_url": "https://www.ruv.is/frettir/innlent/2026-04-26-svartthrastamodir-sinnir-ungvidinu-i-beinni-473704", "title": "Svart\u00ferastam\u00f3\u00f0ir sinnir ungvi\u00f0inu \u00ed beinni", "added": "2026-04-26T23:30:00+00:00", "id": "Evh8vDxv", "best_tag": "frettir", "provider_id": "ruv", "provider_url": "https://www.ruv.is/"}]}, {"themes": ["Keflav\u00edk", "KA", "Oliver Hei\u00f0arsson"], "articles": [{"url": "https://www.ruv.is/frettir/ithrottir/2026-04-26-nylidarnir-sottu-fyrsta-sigurinn-nordur-473711", "original_url": "https://www.ruv.is/frettir/ithrottir/2026-04-26-nylidarnir-sottu-fyrsta-sigurinn-nordur-473711", "title": "N\u00fdli\u00f0arnir s\u00f3ttu fyrsta sigurinn nor\u00f0ur", "added": "2026-04-26T20:30:00+00:00", "id": "9gF2cI29", "best_tag": "frettir", "provider_id": "ruv", "provider_url": "https://www.ruv.is/"}]}, {"themes": ["Arsenal", "Lyon", "Jule Brandur"], "articles": [{"url": "https://www.ruv.is/frettir/ithrottir/2026-04-26-arsenal-vann-fyrri-leikinn-i-meistaradeild-473706", "original_url": "https://www.ruv.is/frettir/ithrottir/2026-04-26-arsenal-vann-fyrri-leikinn-i-meistaradeild-473706", "title": "Arsenal vann fyrri leikinn \u00ed Meistaradeild", "added": "2026-04-26T19:00:00+00:00", "id": "jW-wTU17", "best_tag": "frettir", "provider_id": "ruv", "provider_url": "https://www.ruv.is/"}]}, {"themes": ["Manchester City", "Chelsea", "Enzo Fernandez"], "articles": [{"url": "https://www.ruv.is/frettir/ithrottir/2026-04-26-chelsea-og-manchester-city-maetast-i-urslitum-bikarsins-473700", "original_url": "https://www.ruv.is/frettir/ithrottir/2026-04-26-chelsea-og-manchester-city-maetast-i-urslitum-bikarsins-473700", "title": "Chelsea og Manchester City m\u00e6tast \u00ed \u00farslitum bikarsins", "added": "2026-04-26T17:10:00+00:00", "id": "S0vIBqth", "best_tag": "frettir", "provider_id": "ruv", "provider_url": "https://www.ruv.is/"}]}, {"themes": ["KA", "R.", "\u00der\u00f3ttur"], "articles": [{"url": "https://www.ruv.is/frettir/ithrottir/2026-04-26-ka-islandsmeistari-i-niunda-sinn-473699", "original_url": "https://www.ruv.is/frettir/ithrottir/2026-04-26-ka-islandsmeistari-i-niunda-sinn-473699", "title": "KA \u00cdslandsmeistari \u00ed n\u00edunda sinn", "added": "2026-04-26T17:10:00+00:00", "id": "DArd0Lqv", "best_tag": "frettir", "provider_id": "ruv", "provider_url": "https://www.ruv.is/"}]}, {"themes": ["Dav\u00ed\u00f0 Bjarni Bj\u00f6rnsson", "Krist\u00f3fer Darri Finnsson", "Dan\u00edel J\u00f3hannesson"], "articles": [{"url": "https://www.ruv.is/frettir/ithrottir/2026-04-26-islandsmotid-i-badminton-systraslagur-og-jofnun-a-meti-473662", "original_url": "https://www.ruv.is/frettir/ithrottir/2026-04-26-islandsmotid-i-badminton-systraslagur-og-jofnun-a-meti-473662", "title": "\u00cdslandsm\u00f3ti\u00f0 \u00ed badminton: Systraslagur og j\u00f6fnun \u00e1 meti", "added": "2026-04-26T17:00:00+00:00", "id": "4zP_tNhW", "best_tag": "frettir", "provider_id": "ruv", "provider_url": "https://www.ruv.is/"}]}, {"themes": ["Satu R\u00e4m\u00f6", "Hildur Ragnarsd\u00f3ttir", "\u00cdsafj\u00f6r\u00f0ur"], "articles": [{"url": "https://www.ruv.is/frettir/menning-og-daegurmal/2026-04-26-gret-thegar-hun-sa-fyrstu-tvo-thaettina-af-hildi-473608", "original_url": "https://www.ruv.is/frettir/menning-og-daegurmal/2026-04-26-gret-thegar-hun-sa-fyrstu-tvo-thaettina-af-hildi-473608", "title": "Gr\u00e9t \u00feegar h\u00fan s\u00e1 fyrstu tvo \u00fe\u00e6ttina af Hildi", "added": "2026-04-26T14:10:00+00:00", "id": "MP-SKIa7", "best_tag": "frettir", "provider_id": "ruv", "provider_url": "https://www.ruv.is/"}]}]}, {"tag": "sport.fotbolti", "description": "F\u00f3tbolti", "url": "https://www.helst.is/um/sport.fotbolti", "groups": [{"themes": ["Dav\u00ed\u00f0 Helgi Aronsson", "KA", "Keflav\u00edk"], "articles": [{"url": "https://www.fotbolti.net/news/26-04-2026/david-helgi-buinn-ad-halda-thessu-fagni-leyndu", "original_url": "https://www.fotbolti.net/news/26-04-2026/david-helgi-buinn-ad-halda-thessu-fagni-leyndu", "title": "Dav\u00ed\u00f0 Helgi: B\u00fainn a\u00f0 halda \u00feessu fagni leyndu", "added": "2026-04-26T22:00:00+00:00", "id": "YXAaqCxx", "best_tag": "sport.fotbolti", "provider_id": "fot", "provider_url": "https://www.fotbolti.net/"}, {"url": "https://www.fotbolti.net/news/26-04-2026/enginn-feluleikur-hja-hadda-ef-thu-er-ekki-tilbuinn-ad-leggja-thig-fram-tha-spilardu-ekki-i-ka", "original_url": "https://www.fotbolti.net/news/26-04-2026/enginn-feluleikur-hja-hadda-ef-thu-er-ekki-tilbuinn-ad-leggja-thig-fram-tha-spilardu-ekki-i-ka", "title": "Enginn feluleikur hj\u00e1 Hadda - \u201eEf \u00fe\u00fa er ekki tilb\u00fainn a\u00f0 leggja \u00feig fram \u00fe\u00e1 spilar\u00f0u ekki \u00ed KA\u201c", "added": "2026-04-26T21:10:00+00:00", "id": "Flh96_Ck", "best_tag": "sport.fotbolti", "provider_id": "fot", "provider_url": "https://www.fotbolti.net/"}, {"url": "https://www.fotbolti.net/news/26-04-2026/besta-deildin-fyrsti-sigur-nylidanna-kom-gegn-ka", "original_url": "https://www.fotbolti.net/news/26-04-2026/besta-deildin-fyrsti-sigur-nylidanna-kom-gegn-ka", "title": "Besta deildin: Fyrsti sigur n\u00fdli\u00f0anna kom gegn KA", "added": "2026-04-26T20:10:00+00:00", "id": "gZBvwWK1", "best_tag": "sport.fotbolti", "provider_id": "fot", "provider_url": "https://www.fotbolti.net/"}], "more_similar": "https://www.helst.is/svipad?s=VXYOaVj5&dagur=27.04.2026&og=KA%3BKeflav%C3%ADk&fra=YXAaqCxx"}, {"themes": ["El\u00edas Rafn \u00d3lafsson", "Midtjylland", "AGF"], "articles": [{"url": "https://www.fotbolti.net/news/26-04-2026/elias-rafn-helt-hreinu-i-titilbarattuslag", "original_url": "https://www.fotbolti.net/news/26-04-2026/elias-rafn-helt-hreinu-i-titilbarattuslag", "title": "El\u00edas Rafn h\u00e9lt hreinu \u00ed titilbar\u00e1ttuslag", "added": "2026-04-26T23:40:00+00:00", "id": "7bZF1vCX", "best_tag": "sport.fotbolti", "provider_id": "fot", "provider_url": "https://www.fotbolti.net/"}, {"url": "https://www.visir.is/g/20262874497d/elias-rafn-helt-hreinu-i-toppslagnum", "original_url": "https://www.visir.is/g/20262874497d/elias-rafn-helt-hreinu-i-toppslagnum", "title": "El\u00edas Rafn h\u00e9lt hreinu \u00ed toppslagnum", "added": "2026-04-26T20:10:00+00:00", "id": "xvuXtlo3", "best_tag": "sport", "provider_id": "vsr", "provider_url": "https://www.visir.is/"}]}, {"themes": ["David", "\u00cdtal\u00eda", "M\u00edlan\u00f3"], "articles": [{"url": "https://www.fotbolti.net/news/26-04-2026/italia-markalaust-i-milano-mark-daemt-af-og-david-brjaladur-ad-fa-ekki-viti", "original_url": "https://www.fotbolti.net/news/26-04-2026/italia-markalaust-i-milano-mark-daemt-af-og-david-brjaladur-ad-fa-ekki-viti", "title": "\u00cdtal\u00eda: Markalaust \u00ed M\u00edlan\u00f3 - Mark d\u00e6mt af og David brj\u00e1la\u00f0ur a\u00f0 f\u00e1 ekki v\u00edti", "added": "2026-04-26T23:20:00+00:00", "id": "x2lLAiSs", "best_tag": "sport.fotbolti", "provider_id": "fot", "provider_url": "https://www.fotbolti.net/"}, {"url": "https://www.mbl.is/sport/fotbolti/2026/04/26/inter_haenuskrefi_fra_titlinum/", "original_url": "https://www.mbl.is/sport/fotbolti/2026/04/26/inter_haenuskrefi_fra_titlinum/", "title": "Inter h\u00e6nuskrefi fr\u00e1 titlinum", "added": "2026-04-26T19:10:00+00:00", "id": "PTyipoWM", "best_tag": "sport.fotbolti", "provider_id": "mbl", "provider_url": "https://www.mbl.is/"}]}, {"themes": ["Tottenham", "Xavi Simons", "\u00e1fall"], "articles": [{"url": "https://www.fotbolti.net/news/26-04-2026/gridarlegt-afall-fyrir-tottenham-eg-er-nidurbrotinn", "original_url": "https://www.fotbolti.net/news/26-04-2026/gridarlegt-afall-fyrir-tottenham-eg-er-nidurbrotinn", "title": "Gr\u00ed\u00f0arlegt \u00e1fall fyrir Tottenham - \u201e\u00c9g er ni\u00f0urbrotinn\u201c", "added": "2026-04-26T22:50:00+00:00", "id": "SytAKnOw", "best_tag": "sport.fotbolti", "provider_id": "fot", "provider_url": "https://www.fotbolti.net/"}, {"url": "https://www.mbl.is/sport/enski/2026/04/26/hm_i_haettu_hja_hollendingnum/", "original_url": "https://www.mbl.is/sport/enski/2026/04/26/hm_i_haettu_hja_hollendingnum/", "title": "HM \u00ed h\u00e6ttu hj\u00e1 Hollendingnum?", "added": "2026-04-26T15:50:00+00:00", "id": "ovGjsb1X", "best_tag": "sport.fotbolti", "provider_id": "mbl", "provider_url": "https://www.mbl.is/"}]}, {"themes": ["Mj\u00f3lkurbikar", "\u00farslit", "li\u00f0"], "articles": [{"url": "https://www.fotbolti.net/news/26-04-2026/thessi-lid-verda-i-pottinum-thegar-dregid-verdur-i-16-lida-urslit", "original_url": "https://www.fotbolti.net/news/26-04-2026/thessi-lid-verda-i-pottinum-thegar-dregid-verdur-i-16-lida-urslit", "title": "\u00deessi li\u00f0 ver\u00f0a \u00ed pottinum \u00feegar dregi\u00f0 ver\u00f0ur \u00ed 16-li\u00f0a \u00farslit", "added": "2026-04-26T22:40:00+00:00", "id": "MVruU-NY", "best_tag": "sport.fotbolti", "provider_id": "fot", "provider_url": "https://www.fotbolti.net/"}, {"url": "https://www.fotbolti.net/news/26-04-2026/mjolkurbikar-kvenna-fimm-lid-i-16-lida-urslit-tvaer-fernur", "original_url": "https://www.fotbolti.net/news/26-04-2026/mjolkurbikar-kvenna-fimm-lid-i-16-lida-urslit-tvaer-fernur", "title": "Mj\u00f3lkurbikar kvenna: Fimm li\u00f0 \u00ed 16-li\u00f0a \u00farslit - Tv\u00e6r fernur", "added": "2026-04-26T17:40:00+00:00", "id": "SnUboqw5", "best_tag": "sport.fotbolti", "provider_id": "fot", "provider_url": "https://www.fotbolti.net/"}]}, {"themes": ["Marseille", "Pierre-Emile Hojbjerg", "Elye Wahi"], "articles": [{"url": "https://www.fotbolti.net/news/26-04-2026/frakkland-klaufalegt-kludur-hja-marseille", "original_url": "https://www.fotbolti.net/news/26-04-2026/frakkland-klaufalegt-kludur-hja-marseille", "title": "Frakkland: Klaufalegt kl\u00fa\u00f0ur hj\u00e1 Marseille", "added": "2026-04-26T23:30:00+00:00", "id": "3O-z6Wv8", "best_tag": "sport.fotbolti", "provider_id": "fot", "provider_url": "https://www.fotbolti.net/"}]}, {"themes": ["Arsenal", "Pablo Barrios", "Evr\u00f3pa"], "articles": [{"url": "https://www.fotbolti.net/news/26-04-2026/missir-af-badum-leikjunum-gegn-arsenal", "original_url": "https://www.fotbolti.net/news/26-04-2026/missir-af-badum-leikjunum-gegn-arsenal", "title": "Missir af b\u00e1\u00f0um leikjunum gegn Arsenal", "added": "2026-04-26T22:10:00+00:00", "id": "qAu6s9aC", "best_tag": "sport.fotbolti", "provider_id": "fot", "provider_url": "https://www.fotbolti.net/"}, {"url": "https://www.mbl.is/sport/fotbolti/2026/04/26/arsenal_med_naumt_forskot/", "original_url": "https://www.mbl.is/sport/fotbolti/2026/04/26/arsenal_med_naumt_forskot/", "title": "Arsenal me\u00f0 naumt forskot", "added": "2026-04-26T17:20:00+00:00", "id": "AmCmMb53", "best_tag": "sport.fotbolti", "provider_id": "mbl", "provider_url": "https://www.mbl.is/"}]}, {"themes": ["Villarreal", "Real Oviedo", "Evr\u00f3pa"], "articles": [{"url": "https://www.fotbolti.net/news/26-04-2026/spann-oviedo-nalgast-fall-villarreal-a-leid-i-meistaradeildina", "original_url": "https://www.fotbolti.net/news/26-04-2026/spann-oviedo-nalgast-fall-villarreal-a-leid-i-meistaradeildina", "title": "Sp\u00e1nn: Oviedo n\u00e1lgast fall - Villarreal \u00e1 lei\u00f0 \u00ed Meistaradeildina", "added": "2026-04-26T23:00:00+00:00", "id": "NzUV_AjK", "best_tag": "sport.fotbolti", "provider_id": "fot", "provider_url": "https://www.fotbolti.net/"}]}, {"themes": ["Keflav\u00edk", "Haraldur Freyr Gu\u00f0mundsson", "sigur"], "articles": [{"url": "https://www.fotbolti.net/news/26-04-2026/haraldur-freyr-of-langur-timi-til-thess-ad-suffera", "original_url": "https://www.fotbolti.net/news/26-04-2026/haraldur-freyr-of-langur-timi-til-thess-ad-suffera", "title": "Haraldur Freyr: Of langur t\u00edmi til \u00feess a\u00f0 \u201asuffera\u2018", "added": "2026-04-26T21:30:00+00:00", "id": "fyKuNSxy", "best_tag": "sport.fotbolti", "provider_id": "fot", "provider_url": "https://www.fotbolti.net/"}, {"url": "https://www.visir.is/g/20262874478d/hakon-a-sinum-stad-er-lille-vann-mikilvaegan-sigur", "original_url": "https://www.visir.is/g/20262874478d/hakon-a-sinum-stad-er-lille-vann-mikilvaegan-sigur", "title": "H\u00e1kon \u00e1 s\u00ednum sta\u00f0 er Lille vann mikilv\u00e6gan sigur", "added": "2026-04-26T17:10:00+00:00", "id": "kFTFpmAz", "best_tag": "sport", "provider_id": "vsr", "provider_url": "https://www.visir.is/"}]}]}, {"tag": "sport.handbolti", "description": "Handbolti", "url": "https://www.helst.is/um/sport.handbolti", "groups": [{"themes": ["Lena Margr\u00e9t Valdimarsd\u00f3ttir", "Skari HF", "\u00d6nnereds"], "articles": [{"url": "https://handbolti.is/frabaer-endasprettur-tryggdi-lenu-og-felogum-sigur/", "original_url": "https://handbolti.is/frabaer-endasprettur-tryggdi-lenu-og-felogum-sigur/", "title": "Fr\u00e1b\u00e6r endasprettur trygg\u00f0i Lenu og f\u00e9l\u00f6gum sigur", "added": "2026-04-26T20:40:00+00:00", "id": "PPiVfaUx", "best_tag": "sport.handbolti", "provider_id": "han", "provider_url": "https://www.handbolti.is/"}]}, {"themes": ["Gr\u00f3tta", "Stjarnan", "oddaleikur"], "articles": [{"url": "https://www.mbl.is/sport/handbolti/2026/04/26/stjarnan_knudi_fram_oddaleik/", "original_url": "https://www.mbl.is/sport/handbolti/2026/04/26/stjarnan_knudi_fram_oddaleik/", "title": "Stjarnan kn\u00fa\u00f0i fram oddaleik", "added": "2026-04-26T18:30:00+00:00", "id": "n-quTsVX", "best_tag": "sport.handbolti", "provider_id": "mbl", "provider_url": "https://www.mbl.is/"}, {"url": "https://handbolti.is/storsigur-stjornunnar-oddaleikur-a-midvikudag/", "original_url": "https://handbolti.is/storsigur-stjornunnar-oddaleikur-a-midvikudag/", "title": "St\u00f3rsigur Stj\u00f6rnunnar - oddaleikur \u00e1 mi\u00f0vikudag", "added": "2026-04-26T18:00:00+00:00", "id": "POSoZeeq", "best_tag": "sport.handbolti", "provider_id": "han", "provider_url": "https://www.handbolti.is/"}, {"url": "https://www.visir.is/g/20262874480d/storsigur-stjornunnar-knudi-fram-oddaleik", "original_url": "https://www.visir.is/g/20262874480d/storsigur-stjornunnar-knudi-fram-oddaleik", "title": "St\u00f3rsigur Stj\u00f6rnunnar kn\u00fa\u00f0i fram oddaleik", "added": "2026-04-26T17:30:00+00:00", "id": "4xRuh6Ab", "best_tag": "sport", "provider_id": "vsr", "provider_url": "https://www.visir.is/"}]}, {"themes": ["Stuttgart", "SC Magdeburg", "Porsche Arena"], "articles": [{"url": "https://handbolti.is/magdeburg-faerist-skrefi-naer-meistaratitlinum-2/", "original_url": "https://handbolti.is/magdeburg-faerist-skrefi-naer-meistaratitlinum-2/", "title": "Magdeburg f\u00e6rist skrefi n\u00e6r meistaratitlinum", "added": "2026-04-26T17:30:00+00:00", "id": "MIJDNrWY", "best_tag": "sport.handbolti", "provider_id": "han", "provider_url": "https://www.handbolti.is/"}, {"url": "https://www.mbl.is/sport/handbolti/2026/04/26/sterkur_sigur_magdeburg_og_titillinn_nanast_oruggur/", "original_url": "https://www.mbl.is/sport/handbolti/2026/04/26/sterkur_sigur_magdeburg_og_titillinn_nanast_oruggur/", "title": "Sterkur sigur Magdeburg og titillinn n\u00e1nast \u00f6ruggur", "added": "2026-04-26T17:20:00+00:00", "id": "6Pg4_55Q", "best_tag": "sport.handbolti", "provider_id": "mbl", "provider_url": "https://www.mbl.is/"}, {"url": "https://www.visir.is/g/20262874459d/magdeburg-aftur-a-sigurbraut-eftir-erfida-bikarhelgi", "original_url": "https://www.visir.is/g/20262874459d/magdeburg-aftur-a-sigurbraut-eftir-erfida-bikarhelgi", "title": "Magdeburg aftur \u00e1 sigurbraut eftir erfi\u00f0a bikarhelgi", "added": "2026-04-26T16:40:00+00:00", "id": "9eeb6zcM", "best_tag": "sport", "provider_id": "vsr", "provider_url": "https://www.visir.is/"}]}, {"themes": ["Arn\u00f3r", "R\u00fanar Sigtryggsson", "Wetzlar"], "articles": [{"url": "https://www.mbl.is/sport/handbolti/2026/04/26/runar_lagdi_arnor_i_fallbarattuslagnum/", "original_url": "https://www.mbl.is/sport/handbolti/2026/04/26/runar_lagdi_arnor_i_fallbarattuslagnum/", "title": "R\u00fanar lag\u00f0i Arn\u00f3r \u00ed fallbar\u00e1ttuslagnum", "added": "2026-04-26T15:20:00+00:00", "id": "b8xhZQVt", "best_tag": "sport.handbolti", "provider_id": "mbl", "provider_url": "https://www.mbl.is/"}, {"url": "https://handbolti.is/runar-vann-uppgjor-thorsaranna/", "original_url": "https://handbolti.is/runar-vann-uppgjor-thorsaranna/", "title": "R\u00fanar vann uppgj\u00f6r \u00de\u00f3rsaranna", "added": "2026-04-26T15:00:00+00:00", "id": "tOJP7PO_", "best_tag": "sport.handbolti", "provider_id": "han", "provider_url": "https://www.handbolti.is/"}]}, {"themes": ["\u00de\u00f3r", "Haf\u00fe\u00f3r M\u00e1r Vignisson", "Empor Rostock"], "articles": [{"url": "https://handbolti.is/hafthor-mar-framlengir-samning-sinn-til-tveggja-ara/", "original_url": "https://handbolti.is/hafthor-mar-framlengir-samning-sinn-til-tveggja-ara/", "title": "Haf\u00fe\u00f3r M\u00e1r framlengir samning sinn til tveggja \u00e1ra", "added": "2026-04-26T15:50:00+00:00", "id": "KXPMGIJV", "best_tag": "sport.handbolti", "provider_id": "han", "provider_url": "https://www.handbolti.is/"}]}, {"themes": ["Handknatlleiksma\u00f0urinn Sigur\u00f0ur Jefferson Guarino", "HK", "Hafnarfir\u00f0"], "articles": [{"url": "https://www.mbl.is/sport/handbolti/2026/04/26/fa_oflugan_linumann_ur_kornum/", "original_url": "https://www.mbl.is/sport/handbolti/2026/04/26/fa_oflugan_linumann_ur_kornum/", "title": "F\u00e1 \u00f6flugan l\u00ednumann \u00far K\u00f3rnum", "added": "2026-04-26T12:40:00+00:00", "id": "nGrGOlv4", "best_tag": "sport.handbolti", "provider_id": "mbl", "provider_url": "https://www.mbl.is/"}]}]}, {"tag": "sport.korfubolti", "description": "K\u00f6rfubolti", "url": "https://www.helst.is/um/sport.korfubolti", "groups": [{"themes": ["K\u00e1ri", "Valur", "Grindav\u00edk"], "articles": [{"url": "https://www.mbl.is/sport/korfubolti/2026/04/26/allt_jafnt_eftir_magnadan_seinni_halfleik_kara/", "original_url": "https://www.mbl.is/sport/korfubolti/2026/04/26/allt_jafnt_eftir_magnadan_seinni_halfleik_kara/", "title": "Allt jafnt eftir magna\u00f0an seinni h\u00e1lfleik K\u00e1ra", "added": "2026-04-26T22:00:00+00:00", "id": "jrilAkOb", "best_tag": "sport.korfubolti", "provider_id": "mbl", "provider_url": "https://www.mbl.is/"}, {"url": "https://www.mbl.is/sport/korfubolti/2026/04/26/skritinn_taktur_i_ollu_sem_vid_vorum_ad_gera/", "original_url": "https://www.mbl.is/sport/korfubolti/2026/04/26/skritinn_taktur_i_ollu_sem_vid_vorum_ad_gera/", "title": "Skr\u00edtinn taktur \u00ed \u00f6llu sem vi\u00f0 vorum a\u00f0 gera", "added": "2026-04-26T22:00:00+00:00", "id": "MZjox2_Q", "best_tag": "sport.korfubolti", "provider_id": "mbl", "provider_url": "https://www.mbl.is/"}, {"url": "https://www.mbl.is/sport/korfubolti/2026/04/26/kane_alltaf_verid_minn_madur/", "original_url": "https://www.mbl.is/sport/korfubolti/2026/04/26/kane_alltaf_verid_minn_madur/", "title": "Kane alltaf veri\u00f0 minn ma\u00f0ur", "added": "2026-04-26T21:40:00+00:00", "id": "TzAZXUqh", "best_tag": "sport.korfubolti", "provider_id": "mbl", "provider_url": "https://www.mbl.is/"}], "more_similar": "https://www.helst.is/svipad?s=NWKjNsTQ&dagur=27.04.2026&og=Grindav%C3%ADk%3BValur&fra=jrilAkOb"}, {"themes": ["Spurs", "Portland Trailblazers", "San Antonio"], "articles": [{"url": "https://www.mbl.is/sport/korfubolti/2026/04/26/besti_varnarmadur_deildarinnar_stod_undir_nafni/", "original_url": "https://www.mbl.is/sport/korfubolti/2026/04/26/besti_varnarmadur_deildarinnar_stod_undir_nafni/", "title": "Besti varnarma\u00f0ur deildarinnar st\u00f3\u00f0 undir nafni", "added": "2026-04-26T22:40:00+00:00", "id": "F_7rhKUG", "best_tag": "sport.korfubolti", "provider_id": "mbl", "provider_url": "https://www.mbl.is/"}]}, {"themes": ["Kevin Durant", "Houston Rockets", "LA"], "articles": [{"url": "https://www.mbl.is/sport/korfubolti/2026/04/26/storstjarnan_ekki_med_i_nott_og_verdur_lidinu_thvi_/", "original_url": "https://www.mbl.is/sport/korfubolti/2026/04/26/storstjarnan_ekki_med_i_nott_og_verdur_lidinu_thvi_/", "title": "St\u00f3rstjarnan ekki me\u00f0 \u00ed n\u00f3tt og ver\u00f0ur li\u00f0inu \u00fev\u00ed l\u00edklega s\u00f3pa\u00f0", "added": "2026-04-26T20:50:00+00:00", "id": "rbdrH1HM", "best_tag": "sport.korfubolti", "provider_id": "mbl", "provider_url": "https://www.mbl.is/"}]}, {"themes": ["Toronto Raptors", "Cleveland Cavaliers", "sigur"], "articles": [{"url": "https://www.mbl.is/sport/korfubolti/2026/04/26/torsottur_sigur_og_toronto_jafnadi_einvigid/", "original_url": "https://www.mbl.is/sport/korfubolti/2026/04/26/torsottur_sigur_og_toronto_jafnadi_einvigid/", "title": "Tors\u00f3ttur sigur og Toronto jafna\u00f0i einv\u00edgi\u00f0", "added": "2026-04-26T20:20:00+00:00", "id": "VBMw3DP7", "best_tag": "sport.korfubolti", "provider_id": "mbl", "provider_url": "https://www.mbl.is/"}]}, {"themes": ["Minnesota Timberwolves Anthony Edwards", "Denver Nuggets", "st\u00f3rstjarna"], "articles": [{"url": "https://www.mbl.is/sport/korfubolti/2026/04/26/storstjarnan_fra_keppni_i_nokkrar_vikur/", "original_url": "https://www.mbl.is/sport/korfubolti/2026/04/26/storstjarnan_fra_keppni_i_nokkrar_vikur/", "title": "St\u00f3rstjarnan fr\u00e1 keppni \u00ed nokkrar vikur", "added": "2026-04-26T16:10:00+00:00", "id": "1dq2YI8N", "best_tag": "sport.korfubolti", "provider_id": "mbl", "provider_url": "https://www.mbl.is/"}]}]}, {"tag": "sport", "description": "\u00ddmsar \u00ed\u00fer\u00f3ttir", "url": "https://www.helst.is/um/sport", "groups": [{"themes": ["Roger Bannister", "Sigurbj\u00f6rn \u00c1rni Arngr\u00edmsson", "Sawe"], "articles": [{"url": "https://www.mbl.is/sport/frettir/2026/04/26/fyrir_25_arum_var_thetta_ohugsandi/", "original_url": "https://www.mbl.is/sport/frettir/2026/04/26/fyrir_25_arum_var_thetta_ohugsandi/", "title": "\u201eFyrir 25 \u00e1rum var \u00feetta \u00f3hugsandi\u201c", "added": "2026-04-26T23:10:00+00:00", "id": "2xISrqgQ", "best_tag": "sport", "provider_id": "mbl", "provider_url": "https://www.mbl.is/"}]}, {"themes": ["Gunnar Nelson", "UFC", "\u00cdrland"], "articles": [{"url": "https://www.visir.is/g/20262874460d/gunnar-nelson-i-sjomann-vid-mann-sem-hann-atti-ad-maeta-i-burinu", "original_url": "https://www.visir.is/g/20262874460d/gunnar-nelson-i-sjomann-vid-mann-sem-hann-atti-ad-maeta-i-burinu", "title": "Gunnar Nelson \u00ed sj\u00f3mann vi\u00f0 mann sem hann \u00e1tti a\u00f0 m\u00e6ta \u00ed b\u00farinu", "added": "2026-04-26T22:40:00+00:00", "id": "5kjcUgNW", "best_tag": "sport", "provider_id": "vsr", "provider_url": "https://www.visir.is/"}]}, {"themes": ["K\u00e1ri J\u00f3nsson", "Valsma\u00f0ur", "Grindav\u00edk"], "articles": [{"url": "https://www.visir.is/g/20262874510d/-um-leid-og-eg-sa-hann-fara-ofan-i-for-mer-ad-lida-betur-", "original_url": "https://www.visir.is/g/20262874510d/-um-leid-og-eg-sa-hann-fara-ofan-i-for-mer-ad-lida-betur-", "title": "\u201eUm lei\u00f0 og \u00e9g s\u00e1 hann fara ofan \u00ed f\u00f3r m\u00e9r a\u00f0 l\u00ed\u00f0a betur\u201c", "added": "2026-04-26T21:30:00+00:00", "id": "IrQOrSyA", "best_tag": "sport", "provider_id": "vsr", "provider_url": "https://www.visir.is/"}, {"url": "https://www.visir.is/g/20262874493d/afall-fyrir-valsmenn-frank-aron-for-sarthjadur-af-velli", "original_url": "https://www.visir.is/g/20262874493d/afall-fyrir-valsmenn-frank-aron-for-sarthjadur-af-velli", "title": "\u00c1fall fyrir Valsmenn: Frank Aron f\u00f3r s\u00e1r\u00fej\u00e1\u00f0ur af velli", "added": "2026-04-26T19:50:00+00:00", "id": "OnCdZM2s", "best_tag": "sport", "provider_id": "vsr", "provider_url": "https://www.visir.is/"}]}, {"themes": ["Manchester", "\u00cdslendingur", "\u00fer\u00edr"], "articles": [{"url": "https://www.mbl.is/sport/frettir/2026/04/26/thrju_a_verdlaunapalli_i_manchester/", "original_url": "https://www.mbl.is/sport/frettir/2026/04/26/thrju_a_verdlaunapalli_i_manchester/", "title": "\u00derj\u00fa \u00e1 ver\u00f0launapalli \u00ed Manchester", "added": "2026-04-26T22:30:00+00:00", "id": "h7QCqner", "best_tag": "sport", "provider_id": "mbl", "provider_url": "https://www.mbl.is/"}]}, {"themes": ["KA", "Hallgr\u00edmur J\u00f3nasson", "virkilegur"], "articles": [{"url": "https://www.visir.is/g/20262874502d/hallgrimur-jonasson-stadan-er-bara-alvarleg-", "original_url": "https://www.visir.is/g/20262874502d/hallgrimur-jonasson-stadan-er-bara-alvarleg-", "title": "Hallgr\u00edmur J\u00f3nasson: \u201eSta\u00f0an er bara alvarleg\u201c", "added": "2026-04-26T20:50:00+00:00", "id": "HtvQwWYS", "best_tag": "sport", "provider_id": "vsr", "provider_url": "https://www.visir.is/"}]}, {"themes": ["Esteban Andrada", "Real", "erkifjandi"], "articles": [{"url": "https://www.visir.is/g/20262874499d/missti-stjorn-a-skapi-sinu-og-redst-a-motherja", "original_url": "https://www.visir.is/g/20262874499d/missti-stjorn-a-skapi-sinu-og-redst-a-motherja", "title": "Missti stj\u00f3rn \u00e1 skapi s\u00ednu og r\u00e9\u00f0st \u00e1 m\u00f3therja", "added": "2026-04-26T20:30:00+00:00", "id": "94hASDp5", "best_tag": "sport", "provider_id": "vsr", "provider_url": "https://www.visir.is/"}]}, {"themes": ["Hilmar Sm\u00e1ri Henningsson", "Dav\u00ed\u00f0 T\u00f3mas T\u00f3masson", "Stjarnan"], "articles": [{"url": "https://www.visir.is/g/20262874385d/david-tomas-skipti-um-skodun-eg-var-of-fljotur-a-mer-", "original_url": "https://www.visir.is/g/20262874385d/david-tomas-skipti-um-skodun-eg-var-of-fljotur-a-mer-", "title": "Dav\u00ed\u00f0 T\u00f3mas skipti um sko\u00f0un: \u201e\u00c9g var of flj\u00f3tur \u00e1 m\u00e9r\u201c", "added": "2026-04-26T18:40:00+00:00", "id": "cyk7LzHF", "best_tag": "sport", "provider_id": "vsr", "provider_url": "https://www.visir.is/"}]}, {"themes": ["\u00cdtal\u00eda", "Sveinn Aron Gu\u00f0johnsen", "Cavese"], "articles": [{"url": "https://www.mbl.is/sport/frettir/2026/04/26/sveinn_aron_bjargadi_stigi_a_italiu/", "original_url": "https://www.mbl.is/sport/frettir/2026/04/26/sveinn_aron_bjargadi_stigi_a_italiu/", "title": "Sveinn Aron bjarga\u00f0i stigi \u00e1 \u00cdtal\u00edu", "added": "2026-04-26T18:40:00+00:00", "id": "WUT7Pgxt", "best_tag": "sport", "provider_id": "mbl", "provider_url": "https://www.mbl.is/"}]}, {"themes": ["Sabastian Sawe", "BBC", "munur"], "articles": [{"url": "https://www.mbl.is/sport/frettir/2026/04/26/dagur_sem_eg_mun_muna_ad_eilifu/", "original_url": "https://www.mbl.is/sport/frettir/2026/04/26/dagur_sem_eg_mun_muna_ad_eilifu/", "title": "Dagur sem \u00e9g mun muna a\u00f0 eil\u00edfu", "added": "2026-04-26T16:40:00+00:00", "id": "Ppu-i1lm", "best_tag": "sport", "provider_id": "mbl", "provider_url": "https://www.mbl.is/"}]}]}, {"tag": "menning", "description": "Menning", "url": "https://www.helst.is/um/menning", "groups": [{"themes": ["GDRN", "Gu\u00f0r\u00fan \u00ddr Eyfj\u00f6r\u00f0", "\u00c1rni Steinn Stein\u00fe\u00f3rsson"], "articles": [{"url": "https://www.mbl.is/folk/frettir/2026/04/26/gdrn_ordin_tveggja_barna_modir/", "original_url": "https://www.mbl.is/folk/frettir/2026/04/26/gdrn_ordin_tveggja_barna_modir/", "title": "GDRN or\u00f0in tveggja barna m\u00f3\u00f0ir", "added": "2026-04-26T16:10:00+00:00", "id": "fVx2dkNF", "best_tag": "menning", "provider_id": "mbl", "provider_url": "https://www.mbl.is/"}, {"url": "https://www.visir.is/g/20262874406d/gdrn-buin-ad-eiga-sumarid-maetti-med-litlu-systur-", "original_url": "https://www.visir.is/g/20262874406d/gdrn-buin-ad-eiga-sumarid-maetti-med-litlu-systur-", "title": "GDRN b\u00fain a\u00f0 eiga: \u201eSumari\u00f0 m\u00e6tti me\u00f0 litlu systur\u201c", "added": "2026-04-26T14:50:00+00:00", "id": "2TV1Gsbl", "best_tag": "menning", "provider_id": "vsr", "provider_url": "https://www.visir.is/"}]}, {"themes": ["land", "sorp", "vistun"], "articles": [{"url": "https://www.visir.is/g/20262874365d/-allt-sorp-a-skilid-vistun-a-videigandi-stofnun-og-hana-nu-", "original_url": "https://www.visir.is/g/20262874365d/-allt-sorp-a-skilid-vistun-a-videigandi-stofnun-og-hana-nu-", "title": "\u201eAllt sorp \u00e1 skili\u00f0 vistun \u00e1 vi\u00f0eigandi stofnun og hana n\u00fa\u201c", "added": "2026-04-26T13:50:00+00:00", "id": "LFOR7URY", "best_tag": "menning", "provider_id": "vsr", "provider_url": "https://www.visir.is/"}]}]}]}